{"id":56,"date":"2008-11-19T00:20:32","date_gmt":"2008-11-19T00:20:32","guid":{"rendered":"http:\/\/sscc69.entre.cl\/?p=56"},"modified":"2011-10-19T00:03:45","modified_gmt":"2011-10-19T00:03:45","slug":"homenaje-al-padre-andres-aninat","status":"publish","type":"post","link":"http:\/\/sscc69.entre.cl\/?p=56","title":{"rendered":"Homenaje al padre Andr\u00e9s Aninat"},"content":{"rendered":"<p><a href=\"http:\/\/sscc69.entre.cl\/wp-content\/uploads\/2011\/10\/_padre-andres-aninat-t.jpg\"><img class=\"alignnone size-medium wp-image-132\" title=\"_padre-andres-aninat-t\" src=\"http:\/\/sscc69.entre.cl\/wp-content\/uploads\/2011\/10\/_padre-andres-aninat-t.jpg\" alt=\"\" \/><\/a><a href=\"http:\/\/sscc69.entre.cl\/wp-content\/uploads\/2008\/11\/padre-andres-aninat.jpg\"><img loading=\"lazy\" class=\"alignnone size-medium wp-image-57\" title=\"padre-andres-aninat\" src=\"http:\/\/sscc69.entre.cl\/wp-content\/uploads\/2008\/11\/padre-andres-aninat-155x300.jpg\" alt=\"\" width=\"155\" height=\"300\" srcset=\"http:\/\/sscc69.entre.cl\/wp-content\/uploads\/2008\/11\/padre-andres-aninat-155x300.jpg 155w, http:\/\/sscc69.entre.cl\/wp-content\/uploads\/2008\/11\/padre-andres-aninat.jpg 334w\" sizes=\"(max-width: 155px) 100vw, 155px\" \/><\/a><\/p>\n<p>Padre Andr\u00e9s Aninat SSCC6.- Esperamos que la eucarist\u00eda y la adoraci\u00f3n eucar\u00edstica, signos centrales en la identidad espiritual de nuestra familia religiosa, sean vividos en nuestros colegios como parte de la experiencia personal y eclesial de la fe, y como signo de nuestra comuni\u00f3n sacramental con la Iglesia. Deseamos formar a una celebraci\u00f3n de la fe alegre, participativa e integrada a la vida entera.<\/p>\n<div>\n<p>Uno de sus maestros mas influyentes Reverendo Padre y Dr. en Moral Social Andr\u00e9s Aninat, creador del lema de su escuela \u201cla defensa personal es un derecho y un deber de todo ser humano a la defensa de la vida propia, ajena y social, por medio de la fuerza basada en la razon\u201d<\/p>\n<p>Algunas frases que encontr\u00e9 en internet acerca de este gran sacerdote, el PAPO como le dec\u00edamos, fue un gran educador y amigo, siempre supo escuchar y dar buenos consejos.<\/p>\n<p>Durante a\u00f1os estuvo junto a nuestro curso, lo \u00faltimo que recuerdo de \u00e9l fue \u00a0cuando a\u00f1os atr\u00e1s nos juntamos para unos a\u00f1os que hab\u00edamos salido del colegio, nos acompa\u00f1\u00f3, fue muy importante, despu\u00e9s espero publicar su mensaje.<\/p><\/div>\n","protected":false},"excerpt":{"rendered":"<p>Padre Andr\u00e9s Aninat SSCC6.- Esperamos que la eucarist\u00eda y la adoraci\u00f3n eucar\u00edstica, signos centrales en la identidad espiritual de nuestra familia religiosa, sean vividos en nuestros colegios como parte de la experiencia personal y eclesial de la fe, y como &hellip; <a href=\"http:\/\/sscc69.entre.cl\/?p=56\">Continuar lectura <span class=\"meta-nav\">&rarr;<\/span><\/a><\/p>\n","protected":false},"author":3,"featured_media":0,"comment_status":"open","ping_status":"open","sticky":false,"template":"","format":"standard","meta":[],"categories":[1],"tags":[],"_links":{"self":[{"href":"http:\/\/sscc69.entre.cl\/index.php?rest_route=\/wp\/v2\/posts\/56"}],"collection":[{"href":"http:\/\/sscc69.entre.cl\/index.php?rest_route=\/wp\/v2\/posts"}],"about":[{"href":"http:\/\/sscc69.entre.cl\/index.php?rest_route=\/wp\/v2\/types\/post"}],"author":[{"embeddable":true,"href":"http:\/\/sscc69.entre.cl\/index.php?rest_route=\/wp\/v2\/users\/3"}],"replies":[{"embeddable":true,"href":"http:\/\/sscc69.entre.cl\/index.php?rest_route=%2Fwp%2Fv2%2Fcomments&post=56"}],"version-history":[{"count":5,"href":"http:\/\/sscc69.entre.cl\/index.php?rest_route=\/wp\/v2\/posts\/56\/revisions"}],"predecessor-version":[{"id":134,"href":"http:\/\/sscc69.entre.cl\/index.php?rest_route=\/wp\/v2\/posts\/56\/revisions\/134"}],"wp:attachment":[{"href":"http:\/\/sscc69.entre.cl\/index.php?rest_route=%2Fwp%2Fv2%2Fmedia&parent=56"}],"wp:term":[{"taxonomy":"category","embeddable":true,"href":"http:\/\/sscc69.entre.cl\/index.php?rest_route=%2Fwp%2Fv2%2Fcategories&post=56"},{"taxonomy":"post_tag","embeddable":true,"href":"http:\/\/sscc69.entre.cl\/index.php?rest_route=%2Fwp%2Fv2%2Ftags&post=56"}],"curies":[{"name":"wp","href":"https:\/\/api.w.org\/{rel}","templated":true}]}}